{"id":6234,"date":"2021-07-09T09:57:28","date_gmt":"2021-07-09T06:57:28","guid":{"rendered":"https:\/\/www.fib-tr.org\/?p=6234"},"modified":"2021-07-17T04:18:35","modified_gmt":"2021-07-17T01:18:35","slug":"fib-2023-sempozyumu-istanbulda","status":"publish","type":"post","link":"http:\/\/www.fib-tr.org\/index.php\/2021\/07\/09\/fib-2023-sempozyumu-istanbulda\/","title":{"rendered":"fib 2023 Sempozyumu \u0130stanbul\u2019da"},"content":{"rendered":"<p><img loading=\"lazy\" decoding=\"async\" class=\"alignleft wp-image-5934\" src=\"http:\/\/www.fib-tr.org\/wp-content\/uploads\/2021\/06\/montaj.png\" alt=\"\" width=\"283\" height=\"174\" srcset=\"http:\/\/www.fib-tr.org\/wp-content\/uploads\/2021\/06\/montaj.png 1328w, http:\/\/www.fib-tr.org\/wp-content\/uploads\/2021\/06\/montaj-300x184.png 300w, http:\/\/www.fib-tr.org\/wp-content\/uploads\/2021\/06\/montaj-1024x629.png 1024w, http:\/\/www.fib-tr.org\/wp-content\/uploads\/2021\/06\/montaj-768x472.png 768w, http:\/\/www.fib-tr.org\/wp-content\/uploads\/2021\/06\/montaj-600x369.png 600w, http:\/\/www.fib-tr.org\/wp-content\/uploads\/2021\/06\/montaj-560x344.png 560w\" sizes=\"(max-width: 283px) 100vw, 283px\" \/>42 ulusal grubun \u00fcyesi oldu\u011fu, d\u00fcnya \u00e7ap\u0131nda tan\u0131nan bir kurulu\u015f olan Uluslararas\u0131 Yap\u0131sal Beton Federasyonu (fib), 2023 Sempozyumunu T\u00fcrkiye\u2019nin k\u00f6kl\u00fc \u00fcniversitelerinden biri olan \u0130stanbul Teknik \u00dcniversitesi (\u0130T\u00dc) i\u015f birli\u011fiyle ger\u00e7ekle\u015ftirece\u011fimizi duyurmaktan onur duyar\u0131z.<\/p>\n<p>Alan\u0131nda \u00f6nc\u00fc isimlerin kat\u0131l\u0131m\u0131yla \u0130stanbul\u2019da ger\u00e7ekle\u015ftirece\u011fimiz fib 2023 Sempozyumu, sekt\u00f6re y\u00f6n vermesinin yan\u0131 s\u0131ra yurt d\u0131\u015f\u0131ndan da pek \u00e7ok ki\u015fi ve kurumun kat\u0131l\u0131m\u0131yla ger\u00e7ekle\u015ftirecek olmam\u0131z hem \u00fclke ekonomisine hem de tan\u0131t\u0131m\u0131na sunaca\u011f\u0131 katk\u0131dan dolay\u0131 mutluyuz.<\/p>\n<p>Ba\u015fta de\u011ferli dostum fib International Ba\u015fkan\u0131 Akio Kasuga\u2019ya, The Consulting Engineering Group (CEG) CEO\u2019su Larbi Sennour\u2019a, fib Genel Sekreteri David Fern\u00e1ndez-Ord\u00f3\u00f1ez\u2019e, sempozyum etkinli\u011fi i\u00e7in bizimle s\u0131ras\u0131n\u0131 payla\u015fan Yeni Zelanda Delegelerine te\u015fekk\u00fcrlerimi sunar\u0131m.<\/p>\n<p>Son te\u015fekk\u00fcr\u00fcm ise ulusal ve uluslararas\u0131 alanda pek \u00e7ok sempozyumun ba\u015far\u0131l\u0131 bir \u015fekilde ger\u00e7ekle\u015fmesinde b\u00fcy\u00fck rol\u00fc olan ve fib 2023 Sempozyumunun hayata ge\u00e7irilecek olmas\u0131na \u00f6nc\u00fcl\u00fck eden fib T\u00fcrkiye Delegasyon Ba\u015fkan\u0131 Prof. Dr. Alper \u0130lki\u2019ye.<\/p>\n<p>Yap\u0131sal beton ve yap\u0131 m\u00fchendisli\u011findeki g\u00fcncel geli\u015fmelerin tart\u0131\u015f\u0131laca\u011f\u0131 fib 2023 Sempozyumunda sizleri aram\u0131zda g\u00f6rmekten mutluluk duyar\u0131z.<\/p>\n<p><img loading=\"lazy\" decoding=\"async\" class=\"alignnone wp-image-5845\" src=\"http:\/\/www.fib-tr.org\/wp-content\/uploads\/2021\/06\/ali-karahan-fib.jpg\" alt=\"\" width=\"195\" height=\"195\" srcset=\"http:\/\/www.fib-tr.org\/wp-content\/uploads\/2021\/06\/ali-karahan-fib.jpg 287w, http:\/\/www.fib-tr.org\/wp-content\/uploads\/2021\/06\/ali-karahan-fib-150x150.jpg 150w\" sizes=\"(max-width: 195px) 100vw, 195px\" \/><\/p>\n<p><strong>Ali Karahan<\/strong><br \/>\n<strong>fib T\u00fcrkiye Temsilci Vekili<\/strong><\/p>\n<p>&nbsp;<\/p>\n","protected":false},"excerpt":{"rendered":"<p>42 ulusal grubun \u00fcyesi oldu\u011fu, d\u00fcnya \u00e7ap\u0131nda tan\u0131nan bir kurulu\u015f olan Uluslararas\u0131 Yap\u0131sal Beton Federasyonu (fib), 2023 Sempozyumunu T\u00fcrkiye\u2019nin k\u00f6kl\u00fc \u00fcniversitelerinden biri olan \u0130stanbul Teknik \u00dcniversitesi (\u0130T\u00dc) i\u015f birli\u011fiyle ger\u00e7ekle\u015ftirece\u011fimizi duyurmaktan onur duyar\u0131z. Alan\u0131nda \u00f6nc\u00fc isimlerin kat\u0131l\u0131m\u0131yla \u0130stanbul\u2019da ger\u00e7ekle\u015ftirece\u011fimiz fib 2023 Sempozyumu, sekt\u00f6re y\u00f6n vermesinin yan\u0131 s\u0131ra yurt d\u0131\u015f\u0131ndan da pek \u00e7ok ki\u015fi ve kurumun [&hellip;]<\/p>\n","protected":false},"author":1,"featured_media":0,"comment_status":"open","ping_status":"open","sticky":false,"template":"","format":"standard","meta":{"footnotes":""},"categories":[108],"tags":[],"_links":{"self":[{"href":"http:\/\/www.fib-tr.org\/index.php\/wp-json\/wp\/v2\/posts\/6234"}],"collection":[{"href":"http:\/\/www.fib-tr.org\/index.php\/wp-json\/wp\/v2\/posts"}],"about":[{"href":"http:\/\/www.fib-tr.org\/index.php\/wp-json\/wp\/v2\/types\/post"}],"author":[{"embeddable":true,"href":"http:\/\/www.fib-tr.org\/index.php\/wp-json\/wp\/v2\/users\/1"}],"replies":[{"embeddable":true,"href":"http:\/\/www.fib-tr.org\/index.php\/wp-json\/wp\/v2\/comments?post=6234"}],"version-history":[{"count":4,"href":"http:\/\/www.fib-tr.org\/index.php\/wp-json\/wp\/v2\/posts\/6234\/revisions"}],"predecessor-version":[{"id":6270,"href":"http:\/\/www.fib-tr.org\/index.php\/wp-json\/wp\/v2\/posts\/6234\/revisions\/6270"}],"wp:attachment":[{"href":"http:\/\/www.fib-tr.org\/index.php\/wp-json\/wp\/v2\/media?parent=6234"}],"wp:term":[{"taxonomy":"category","embeddable":true,"href":"http:\/\/www.fib-tr.org\/index.php\/wp-json\/wp\/v2\/categories?post=6234"},{"taxonomy":"post_tag","embeddable":true,"href":"http:\/\/www.fib-tr.org\/index.php\/wp-json\/wp\/v2\/tags?post=6234"}],"curies":[{"name":"wp","href":"https:\/\/api.w.org\/{rel}","templated":true}]}}